{"id":2207,"date":"2026-04-27T14:00:00","date_gmt":"2026-04-27T14:00:00","guid":{"rendered":"https:\/\/lfcgoverno.com.br\/blog\/?p=2207"},"modified":"2026-04-10T17:41:11","modified_gmt":"2026-04-10T17:41:11","slug":"cadeiras-poltronas-e-sofas-solucoes-completas-para-ambientes-publicos","status":"publish","type":"post","link":"https:\/\/lfcgoverno.com.br\/blog\/adesao-carona\/atas-de-registro-de-preco\/cadeiras-poltronas-e-sofas-solucoes-completas-para-ambientes-publicos\/2207\/","title":{"rendered":"Cadeiras, poltronas e sof\u00e1s: solu\u00e7\u00f5es completas para ambientes p\u00fablicos"},"content":{"rendered":"\n<p>A estrutura de ambientes p\u00fablicos vai al\u00e9m de equipamentos \u2014 o mobili\u00e1rio \u00e9 parte essencial da experi\u00eancia, organiza\u00e7\u00e3o e efici\u00eancia no atendimento.<\/p>\n\n\n\n<p>Cadeiras, poltronas e sof\u00e1s s\u00e3o fundamentais tanto para \u00e1reas administrativas quanto para recep\u00e7\u00f5es e espa\u00e7os de espera, garantindo conforto, funcionalidade e melhor aproveitamento dos ambientes.<\/p>\n\n\n\n<hr class=\"wp-block-separator has-alpha-channel-opacity\"\/>\n\n\n\n<h2 class=\"wp-block-heading\">\ud83e\ude91 <strong>Cadeiras para \u00e1reas administrativas<\/strong><\/h2>\n\n\n\n<p>Utilizadas no dia a dia operacional, as cadeiras impactam diretamente na produtividade.<\/p>\n\n\n\n<p><strong>Destaques:<\/strong><br>\u2714\ufe0f Ergonomia para longas jornadas<br>\u2714\ufe0f Melhor postura dos usu\u00e1rios<br>\u2714\ufe0f Redu\u00e7\u00e3o de desconfortos<\/p>\n\n\n\n<hr class=\"wp-block-separator has-alpha-channel-opacity\"\/>\n\n\n\n<h2 class=\"wp-block-heading\">\ud83d\udecb\ufe0f <strong>Poltronas e sof\u00e1s para recep\u00e7\u00e3o e atendimento<\/strong><\/h2>\n\n\n\n<p>Essenciais para ambientes com circula\u00e7\u00e3o de p\u00fablico.<\/p>\n\n\n\n<p><strong>Destaques:<\/strong><br>\u2714\ufe0f Mais conforto para visitantes<br>\u2714\ufe0f Ambientes mais organizados e acolhedores<br>\u2714\ufe0f Melhor experi\u00eancia no atendimento p\u00fablico<\/p>\n\n\n\n<p>Esse tipo de mobili\u00e1rio \u00e9 amplamente utilizado em \u00f3rg\u00e3os p\u00fablicos para qualificar o atendimento e a estrutura dos espa\u00e7os.<\/p>\n\n\n\n<hr class=\"wp-block-separator has-alpha-channel-opacity\"\/>\n\n\n\n<h2 class=\"wp-block-heading\">\ud83d\udcca <strong>Como escolher o mobili\u00e1rio ideal<\/strong><\/h2>\n\n\n\n<p>Para garantir efici\u00eancia e durabilidade, \u00e9 importante considerar:<\/p>\n\n\n\n<ul class=\"wp-block-list\">\n<li>Tipo de ambiente (administrativo ou atendimento)<\/li>\n\n\n\n<li>Ergonomia e conforto<\/li>\n\n\n\n<li>Resist\u00eancia e qualidade dos materiais<\/li>\n\n\n\n<li>Frequ\u00eancia de uso<\/li>\n<\/ul>\n\n\n\n<p>A escolha correta reduz custos com manuten\u00e7\u00e3o e substitui\u00e7\u00e3o ao longo do tempo.<\/p>\n\n\n\n<hr class=\"wp-block-separator has-alpha-channel-opacity\"\/>\n\n\n\n<h2 class=\"wp-block-heading\">\ud83c\udfdb\ufe0f <strong>Aquisi\u00e7\u00e3o via ata de registro de pre\u00e7os (ARP)<\/strong><\/h2>\n\n\n\n<p>\u00d3rg\u00e3os p\u00fablicos podem adquirir cadeiras, poltronas e sof\u00e1s com mais agilidade por meio do Sistema de Registro de Pre\u00e7os (SRP), que permite utilizar condi\u00e7\u00f5es j\u00e1 estabelecidas em processos licitat\u00f3rios.<\/p>\n\n\n\n<p><strong>Benef\u00edcios:<\/strong><\/p>\n\n\n\n<ul class=\"wp-block-list\">\n<li>Mais rapidez na contrata\u00e7\u00e3o<\/li>\n\n\n\n<li>Seguran\u00e7a jur\u00eddica<\/li>\n\n\n\n<li>Economia e padroniza\u00e7\u00e3o<\/li>\n<\/ul>\n\n\n\n<p>\ud83d\udc49 Confira op\u00e7\u00f5es dispon\u00edveis:<br><a href=\"https:\/\/lfcgoverno.com.br\/landing\/cadeiras-poltronas-e-sofas-em-atas-de-registro-de-preco-283\">https:\/\/lfcgoverno.com.br\/landing\/cadeiras-poltronas-e-sofas-em-atas-de-registro-de-preco-283<\/a><\/p>\n\n\n\n<hr class=\"wp-block-separator has-alpha-channel-opacity\"\/>\n\n\n\n<h2 class=\"wp-block-heading\">\ud83d\ude80 <strong>Solu\u00e7\u00f5es para o setor p\u00fablico<\/strong><\/h2>\n\n\n\n<p>A LFC Governo disponibiliza mobili\u00e1rio corporativo e institucional em atas vigentes, facilitando a ades\u00e3o por \u00f3rg\u00e3os p\u00fablicos.<\/p>\n\n\n\n<hr class=\"wp-block-separator has-alpha-channel-opacity\"\/>\n\n\n\n<h2 class=\"wp-block-heading\">\ud83d\udca1 <strong>Conclus\u00e3o<\/strong><\/h2>\n\n\n\n<p>Investir em cadeiras, poltronas e sof\u00e1s adequados \u00e9 essencial para garantir conforto, organiza\u00e7\u00e3o e qualidade no atendimento.<\/p>\n\n\n\n<p>Com a escolha correta e a aquisi\u00e7\u00e3o via ata, \u00e9 poss\u00edvel otimizar recursos e oferecer ambientes mais eficientes e acolhedores.<\/p>\n","protected":false},"excerpt":{"rendered":"<p>A estrutura de ambientes p\u00fablicos vai al\u00e9m de equipamentos \u2014 o mobili\u00e1rio \u00e9 parte essencial da experi\u00eancia, organiza\u00e7\u00e3o e efici\u00eancia no atendimento. Cadeiras, poltronas e sof\u00e1s s\u00e3o fundamentais tanto para \u00e1reas administrativas quanto para recep\u00e7\u00f5es e espa\u00e7os de espera, garantindo conforto, funcionalidade e melhor aproveitamento dos ambientes. \ud83e\ude91 Cadeiras para \u00e1reas administrativas Utilizadas no dia [&hellip;]<\/p>\n","protected":false},"author":1,"featured_media":2208,"comment_status":"closed","ping_status":"closed","sticky":false,"template":"","format":"standard","meta":{"footnotes":""},"categories":[3,214,186],"tags":[],"class_list":{"0":"post-2207","1":"post","2":"type-post","3":"status-publish","4":"format-standard","5":"has-post-thumbnail","7":"category-atas-de-registro-de-preco","8":"category-equipamentos-para-licitacoes","9":"category-solucoes-para-orgaos-publicos"},"_links":{"self":[{"href":"https:\/\/lfcgoverno.com.br\/blog\/wp-json\/wp\/v2\/posts\/2207","targetHints":{"allow":["GET"]}}],"collection":[{"href":"https:\/\/lfcgoverno.com.br\/blog\/wp-json\/wp\/v2\/posts"}],"about":[{"href":"https:\/\/lfcgoverno.com.br\/blog\/wp-json\/wp\/v2\/types\/post"}],"author":[{"embeddable":true,"href":"https:\/\/lfcgoverno.com.br\/blog\/wp-json\/wp\/v2\/users\/1"}],"replies":[{"embeddable":true,"href":"https:\/\/lfcgoverno.com.br\/blog\/wp-json\/wp\/v2\/comments?post=2207"}],"version-history":[{"count":2,"href":"https:\/\/lfcgoverno.com.br\/blog\/wp-json\/wp\/v2\/posts\/2207\/revisions"}],"predecessor-version":[{"id":2210,"href":"https:\/\/lfcgoverno.com.br\/blog\/wp-json\/wp\/v2\/posts\/2207\/revisions\/2210"}],"wp:featuredmedia":[{"embeddable":true,"href":"https:\/\/lfcgoverno.com.br\/blog\/wp-json\/wp\/v2\/media\/2208"}],"wp:attachment":[{"href":"https:\/\/lfcgoverno.com.br\/blog\/wp-json\/wp\/v2\/media?parent=2207"}],"wp:term":[{"taxonomy":"category","embeddable":true,"href":"https:\/\/lfcgoverno.com.br\/blog\/wp-json\/wp\/v2\/categories?post=2207"},{"taxonomy":"post_tag","embeddable":true,"href":"https:\/\/lfcgoverno.com.br\/blog\/wp-json\/wp\/v2\/tags?post=2207"}],"curies":[{"name":"wp","href":"https:\/\/api.w.org\/{rel}","templated":true}]}}