{"id":2285,"date":"2026-04-27T14:00:00","date_gmt":"2026-04-27T17:00:00","guid":{"rendered":"https:\/\/lfcgoverno.com.br\/blog\/?p=2285"},"modified":"2026-04-24T10:32:55","modified_gmt":"2026-04-24T13:32:55","slug":"protecao-de-dados-no-setor-publico-por-que-a-infraestrutura-e-o-verdadeiro-pilar-da-seguranca","status":"publish","type":"post","link":"https:\/\/lfcgoverno.com.br\/blog\/projetos-de-tecnologia-para-o-setor-publico\/protecao-de-dados-no-setor-publico-por-que-a-infraestrutura-e-o-verdadeiro-pilar-da-seguranca\/2285\/","title":{"rendered":"Prote\u00e7\u00e3o de dados no setor p\u00fablico: por que a infraestrutura \u00e9 o verdadeiro pilar da seguran\u00e7a"},"content":{"rendered":"\n<p>Quando falamos em prote\u00e7\u00e3o de dados no setor p\u00fablico, muitas vezes o foco est\u00e1 apenas no software ou na seguran\u00e7a contra ataques. No entanto, existe um elemento essencial que sustenta toda a estrat\u00e9gia: a infraestrutura de armazenamento.<\/p>\n\n\n\n<p>Sem uma base s\u00f3lida, segura e eficiente, qualquer pol\u00edtica de backup fica vulner\u00e1vel a falhas, lentid\u00e3o na recupera\u00e7\u00e3o e at\u00e9 perda de dados.<\/p>\n\n\n\n<hr class=\"wp-block-separator has-alpha-channel-opacity\"\/>\n\n\n\n<h2 class=\"wp-block-heading\">\u2699\ufe0f <strong>O papel da infraestrutura na prote\u00e7\u00e3o de dados<\/strong><\/h2>\n\n\n\n<p>A infraestrutura de backup \u00e9 respons\u00e1vel por armazenar grandes volumes de informa\u00e7\u00f5es com seguran\u00e7a e garantir que esses dados possam ser recuperados com rapidez quando necess\u00e1rio.<\/p>\n\n\n\n<p>Nesse contexto, solu\u00e7\u00f5es como o <strong>Dell PowerProtect DD<\/strong> oferecem uma arquitetura robusta, preparada para ambientes cr\u00edticos do setor p\u00fablico.<\/p>\n\n\n\n<p>\ud83d\udcbe <strong>Appliance de Backup \u2013 Dell PowerProtect DD<\/strong><br>Appliances de backup local com alta taxa de desduplica\u00e7\u00e3o, custo reduzido e grande capacidade \u2014 integrados ao Veeam.<\/p>\n\n\n\n<hr class=\"wp-block-separator has-alpha-channel-opacity\"\/>\n\n\n\n<h2 class=\"wp-block-heading\">\ud83d\udca1 <strong>Efici\u00eancia com desduplica\u00e7\u00e3o de dados<\/strong><\/h2>\n\n\n\n<p>Um dos grandes diferenciais do Dell PowerProtect est\u00e1 na sua alta taxa de desduplica\u00e7\u00e3o.<\/p>\n\n\n\n<p>Isso permite:<\/p>\n\n\n\n<p>\u2714 Redu\u00e7\u00e3o significativa no volume de armazenamento<br>\u2714 Otimiza\u00e7\u00e3o de custos com infraestrutura<br>\u2714 Melhor aproveitamento dos recursos de TI<\/p>\n\n\n\n<p>Com menos dados redundantes, o ambiente se torna mais eficiente e escal\u00e1vel.<\/p>\n\n\n\n<hr class=\"wp-block-separator has-alpha-channel-opacity\"\/>\n\n\n\n<h2 class=\"wp-block-heading\">\ud83d\ude80 <strong>Performance e capacidade para diferentes cen\u00e1rios<\/strong><\/h2>\n\n\n\n<p>A solu\u00e7\u00e3o atende desde ambientes de m\u00e9dio porte at\u00e9 grandes opera\u00e7\u00f5es com alto volume de dados, garantindo desempenho consistente tanto no backup quanto na recupera\u00e7\u00e3o.<\/p>\n\n\n\n<p>Entre as op\u00e7\u00f5es dispon\u00edveis, destacam-se:<\/p>\n\n\n\n<p>\u203a <strong>DD6410 e DD9410<\/strong>: mid-range<br>\u203a <strong>DD9910<\/strong>: alta capacidade<br>\u203a <strong>DD9910F<\/strong>: All-Flash \u2014 m\u00e1xima performance<\/p>\n\n\n\n<p>Essa flexibilidade permite adaptar a infraestrutura conforme a necessidade de cada \u00f3rg\u00e3o.<\/p>\n\n\n\n<hr class=\"wp-block-separator has-alpha-channel-opacity\"\/>\n\n\n\n<h2 class=\"wp-block-heading\">\ud83d\udd04 <strong>Recupera\u00e7\u00e3o r\u00e1pida e continuidade dos servi\u00e7os<\/strong><\/h2>\n\n\n\n<p>Uma infraestrutura eficiente impacta diretamente na velocidade de recupera\u00e7\u00e3o dos dados.<\/p>\n\n\n\n<p>Com o Dell PowerProtect, \u00e9 poss\u00edvel:<\/p>\n\n\n\n<p>\u2714 Reduzir o tempo de indisponibilidade<br>\u2714 Garantir recupera\u00e7\u00e3o mais r\u00e1pida<br>\u2714 Manter a continuidade dos servi\u00e7os p\u00fablicos<\/p>\n\n\n\n<hr class=\"wp-block-separator has-alpha-channel-opacity\"\/>\n\n\n\n<h2 class=\"wp-block-heading\">\ud83d\udee1\ufe0f <strong>Infraestrutura como pilar da prote\u00e7\u00e3o de dados<\/strong><\/h2>\n\n\n\n<p>Mais do que armazenar informa\u00e7\u00f5es, a infraestrutura de backup \u00e9 respons\u00e1vel por garantir que os dados estejam dispon\u00edveis, \u00edntegros e prontos para uso em qualquer cen\u00e1rio.<\/p>\n\n\n\n<p>Quando bem estruturada, ela se torna um dos principais pilares da prote\u00e7\u00e3o de dados.<\/p>\n\n\n\n<hr class=\"wp-block-separator has-alpha-channel-opacity\"\/>\n\n\n\n<h2 class=\"wp-block-heading\">\ud83d\udd17 <strong>Saiba mais sobre solu\u00e7\u00f5es completas<\/strong><\/h2>\n\n\n\n<p>\ud83d\udc49 <a href=\"https:\/\/www.lfcgoverno.com.br\/solucoes-ti\/seguranca\">https:\/\/www.lfcgoverno.com.br\/solucoes-ti\/seguranca<\/a><\/p>\n\n\n\n<p>Solu\u00e7\u00f5es para proteger dados p\u00fablicos sens\u00edveis \u2014 com conformidade \u00e0 LGPD e \u00e0s normas do setor p\u00fablico.<\/p>\n\n\n\n<p><\/p>\n\n\n\n<p><\/p>\n","protected":false},"excerpt":{"rendered":"<p>Quando falamos em prote\u00e7\u00e3o de dados no setor p\u00fablico, muitas vezes o foco est\u00e1 apenas no software ou na seguran\u00e7a contra ataques. No entanto, existe um elemento essencial que sustenta toda a estrat\u00e9gia: a infraestrutura de armazenamento. Sem uma base s\u00f3lida, segura e eficiente, qualquer pol\u00edtica de backup fica vulner\u00e1vel a falhas, lentid\u00e3o na recupera\u00e7\u00e3o [&hellip;]<\/p>\n","protected":false},"author":1,"featured_media":2348,"comment_status":"closed","ping_status":"closed","sticky":false,"template":"","format":"standard","meta":{"footnotes":""},"categories":[74],"tags":[],"class_list":{"0":"post-2285","1":"post","2":"type-post","3":"status-publish","4":"format-standard","5":"has-post-thumbnail","7":"category-projetos-de-tecnologia-para-o-setor-publico"},"_links":{"self":[{"href":"https:\/\/lfcgoverno.com.br\/blog\/wp-json\/wp\/v2\/posts\/2285","targetHints":{"allow":["GET"]}}],"collection":[{"href":"https:\/\/lfcgoverno.com.br\/blog\/wp-json\/wp\/v2\/posts"}],"about":[{"href":"https:\/\/lfcgoverno.com.br\/blog\/wp-json\/wp\/v2\/types\/post"}],"author":[{"embeddable":true,"href":"https:\/\/lfcgoverno.com.br\/blog\/wp-json\/wp\/v2\/users\/1"}],"replies":[{"embeddable":true,"href":"https:\/\/lfcgoverno.com.br\/blog\/wp-json\/wp\/v2\/comments?post=2285"}],"version-history":[{"count":15,"href":"https:\/\/lfcgoverno.com.br\/blog\/wp-json\/wp\/v2\/posts\/2285\/revisions"}],"predecessor-version":[{"id":2322,"href":"https:\/\/lfcgoverno.com.br\/blog\/wp-json\/wp\/v2\/posts\/2285\/revisions\/2322"}],"wp:featuredmedia":[{"embeddable":true,"href":"https:\/\/lfcgoverno.com.br\/blog\/wp-json\/wp\/v2\/media\/2348"}],"wp:attachment":[{"href":"https:\/\/lfcgoverno.com.br\/blog\/wp-json\/wp\/v2\/media?parent=2285"}],"wp:term":[{"taxonomy":"category","embeddable":true,"href":"https:\/\/lfcgoverno.com.br\/blog\/wp-json\/wp\/v2\/categories?post=2285"},{"taxonomy":"post_tag","embeddable":true,"href":"https:\/\/lfcgoverno.com.br\/blog\/wp-json\/wp\/v2\/tags?post=2285"}],"curies":[{"name":"wp","href":"https:\/\/api.w.org\/{rel}","templated":true}]}}