{"id":2726,"date":"2026-09-02T11:00:00","date_gmt":"2026-09-02T14:00:00","guid":{"rendered":"https:\/\/lfcgoverno.com.br\/blog\/?p=2726"},"modified":"2026-09-02T10:33:53","modified_gmt":"2026-09-02T13:33:53","slug":"lfc-governo-como-especificacoes-frageis-aumentam-o-risco-em-contratacoes-de-tecnologia","status":"publish","type":"post","link":"https:\/\/lfcgoverno.com.br\/blog\/lfc-governo\/lfc-governo-como-especificacoes-frageis-aumentam-o-risco-em-contratacoes-de-tecnologia\/2726\/","title":{"rendered":"LFC Governo: Como especifica\u00e7\u00f5es fr\u00e1geis aumentam o risco em contrata\u00e7\u00f5es de tecnologia?"},"content":{"rendered":"\n<p>Contratar tecnologia no setor p\u00fablico exige mais do que descrever um produto ou listar caracter\u00edsticas b\u00e1sicas.<\/p>\n\n\n\n<p>Quando uma especifica\u00e7\u00e3o t\u00e9cnica \u00e9 constru\u00edda de forma gen\u00e9rica, incompleta ou desalinhada com a necessidade real do \u00f3rg\u00e3o, o risco da contrata\u00e7\u00e3o aumenta.<\/p>\n\n\n\n<p>Esse risco pode aparecer em diferentes etapas: durante a pesquisa de mercado, na elabora\u00e7\u00e3o do termo de refer\u00eancia, na disputa, na an\u00e1lise das propostas, na entrega do equipamento, na implanta\u00e7\u00e3o da solu\u00e7\u00e3o ou at\u00e9 mesmo durante a opera\u00e7\u00e3o do ambiente.<\/p>\n\n\n\n<p>Em tecnologia, uma especifica\u00e7\u00e3o fr\u00e1gil pode permitir ofertas que parecem atender ao edital, mas que n\u00e3o entregam a performance, a compatibilidade, a seguran\u00e7a ou a continuidade esperada pelo \u00f3rg\u00e3o.<\/p>\n\n\n\n<p>Por isso, antes de contratar, \u00e9 fundamental avaliar se o descritivo t\u00e9cnico realmente protege a necessidade p\u00fablica.<\/p>\n\n\n\n<h2 class=\"wp-block-heading\">Especifica\u00e7\u00e3o t\u00e9cnica n\u00e3o \u00e9 apenas uma formalidade<\/h2>\n\n\n\n<p>A especifica\u00e7\u00e3o t\u00e9cnica \u00e9 um dos pontos centrais de uma contrata\u00e7\u00e3o p\u00fablica de tecnologia.<\/p>\n\n\n\n<p>Ela orienta o mercado, define par\u00e2metros m\u00ednimos, permite compara\u00e7\u00e3o entre propostas e ajuda a Administra\u00e7\u00e3o P\u00fablica a verificar se aquilo que est\u00e1 sendo ofertado realmente atende ao objetivo da contrata\u00e7\u00e3o.<\/p>\n\n\n\n<p>Quando esse documento \u00e9 bem estruturado, ele reduz d\u00favidas, melhora a qualidade das propostas e contribui para uma aquisi\u00e7\u00e3o mais segura.<\/p>\n\n\n\n<p>Quando \u00e9 fr\u00e1gil, o processo fica mais exposto.<\/p>\n\n\n\n<p>Uma descri\u00e7\u00e3o gen\u00e9rica pode abrir margem para interpreta\u00e7\u00f5es amplas demais, ofertas incompat\u00edveis, equipamentos subdimensionados, aus\u00eancia de comprova\u00e7\u00e3o t\u00e9cnica e dificuldades na fase de aceite.<\/p>\n\n\n\n<p>Em muitos casos, o problema n\u00e3o est\u00e1 apenas no pre\u00e7o ou no fornecedor. Est\u00e1 na forma como a necessidade foi traduzida para o edital.<\/p>\n\n\n\n<h2 class=\"wp-block-heading\">O risco de contratar apenas pela descri\u00e7\u00e3o superficial<\/h2>\n\n\n\n<p>Em tecnologia, produtos aparentemente semelhantes podem ter diferen\u00e7as relevantes.<\/p>\n\n\n\n<p>Dois computadores podem ter processadores da mesma fam\u00edlia, mas desempenho, gerenciamento corporativo, ciclo de vida, suporte e recursos de seguran\u00e7a diferentes.<\/p>\n\n\n\n<p>Dois servidores podem ter quantidade parecida de mem\u00f3ria ou armazenamento, mas entregar n\u00edveis distintos de redund\u00e2ncia, expans\u00e3o, controladora, suporte, compatibilidade e disponibilidade.<\/p>\n\n\n\n<p>Duas solu\u00e7\u00f5es de storage, backup, rede ou seguran\u00e7a podem parecer equivalentes em uma an\u00e1lise inicial, mas apresentar diferen\u00e7as significativas na opera\u00e7\u00e3o, no gerenciamento, na escalabilidade e na sustenta\u00e7\u00e3o.<\/p>\n\n\n\n<p>Por isso, uma especifica\u00e7\u00e3o superficial pode n\u00e3o ser suficiente para garantir que a solu\u00e7\u00e3o contratada seja adequada.<\/p>\n\n\n\n<p>A contrata\u00e7\u00e3o p\u00fablica de tecnologia precisa considerar o uso real, o ambiente existente e os riscos operacionais envolvidos.<\/p>\n\n\n\n<h2 class=\"wp-block-heading\">Onde uma especifica\u00e7\u00e3o fr\u00e1gil costuma falhar<\/h2>\n\n\n\n<p>Uma especifica\u00e7\u00e3o t\u00e9cnica fr\u00e1gil normalmente apresenta lacunas em pontos que parecem pequenos, mas que podem ter impacto relevante na contrata\u00e7\u00e3o.<\/p>\n\n\n\n<p>Entre os problemas mais comuns est\u00e3o:<\/p>\n\n\n\n<ul class=\"wp-block-list\">\n<li>descri\u00e7\u00e3o gen\u00e9rica do equipamento ou solu\u00e7\u00e3o;<\/li>\n\n\n\n<li>aus\u00eancia de requisitos m\u00ednimos de desempenho;<\/li>\n\n\n\n<li>falta de crit\u00e9rios de compatibilidade;<\/li>\n\n\n\n<li>aus\u00eancia de exig\u00eancia clara de garantia e suporte;<\/li>\n\n\n\n<li>falta de comprova\u00e7\u00e3o t\u00e9cnica objetiva;<\/li>\n\n\n\n<li>requisitos de seguran\u00e7a insuficientes;<\/li>\n\n\n\n<li>descritivo desalinhado ao ambiente existente;<\/li>\n\n\n\n<li>aus\u00eancia de previs\u00e3o de expans\u00e3o;<\/li>\n\n\n\n<li>falta de crit\u00e9rios de aceite;<\/li>\n\n\n\n<li>uso de termos amb\u00edguos;<\/li>\n\n\n\n<li>excesso de abertura para equipamentos n\u00e3o corporativos;<\/li>\n\n\n\n<li>aus\u00eancia de requisitos de gerenciamento;<\/li>\n\n\n\n<li>especifica\u00e7\u00e3o baseada apenas em pre\u00e7o ou caracter\u00edstica isolada.<\/li>\n<\/ul>\n\n\n\n<p>Essas lacunas podem dificultar a an\u00e1lise das propostas e comprometer o resultado da contrata\u00e7\u00e3o.<\/p>\n\n\n\n<h2 class=\"wp-block-heading\">O problema das especifica\u00e7\u00f5es gen\u00e9ricas<\/h2>\n\n\n\n<p>Especifica\u00e7\u00f5es gen\u00e9ricas costumam ser utilizadas com a inten\u00e7\u00e3o de ampliar a competitividade.<\/p>\n\n\n\n<p>A competitividade \u00e9 importante, mas n\u00e3o pode ser confundida com fragilidade t\u00e9cnica.<\/p>\n\n\n\n<p>Um descritivo aberto demais pode permitir a participa\u00e7\u00e3o de solu\u00e7\u00f5es que n\u00e3o atendem ao n\u00edvel de qualidade, seguran\u00e7a ou desempenho necess\u00e1rio para o \u00f3rg\u00e3o.<\/p>\n\n\n\n<p>Isso \u00e9 especialmente cr\u00edtico quando a contrata\u00e7\u00e3o envolve equipamentos corporativos, infraestrutura de TI, servidores, storage, backup, redes, firewalls, workstations, notebooks ou solu\u00e7\u00f5es voltadas a ambientes sens\u00edveis.<\/p>\n\n\n\n<p>Nesses casos, requisitos como garantia, suporte, compatibilidade, seguran\u00e7a, gerenciamento, certifica\u00e7\u00f5es, expans\u00e3o e ciclo de vida n\u00e3o s\u00e3o detalhes. Eles fazem parte da seguran\u00e7a da contrata\u00e7\u00e3o.<\/p>\n\n\n\n<p>A especifica\u00e7\u00e3o precisa equilibrar competitividade com ader\u00eancia t\u00e9cnica.<\/p>\n\n\n\n<h2 class=\"wp-block-heading\">O risco do subdimensionamento<\/h2>\n\n\n\n<p>Um dos principais efeitos de uma especifica\u00e7\u00e3o fr\u00e1gil \u00e9 o subdimensionamento.<\/p>\n\n\n\n<p>Isso ocorre quando a solu\u00e7\u00e3o contratada n\u00e3o possui capacidade suficiente para atender \u00e0 demanda real do \u00f3rg\u00e3o.<\/p>\n\n\n\n<p>Em computadores e notebooks, isso pode gerar baixa performance, redu\u00e7\u00e3o de produtividade, dificuldade de uso com sistemas corporativos e necessidade de substitui\u00e7\u00e3o precoce.<\/p>\n\n\n\n<p>Em servidores, storage e backup, o subdimensionamento pode gerar lentid\u00e3o, falta de capacidade, dificuldade de expans\u00e3o, janelas de backup inadequadas e risco \u00e0 continuidade dos servi\u00e7os.<\/p>\n\n\n\n<p>Em redes e seguran\u00e7a, pode gerar gargalos, baixa cobertura, falhas de gerenciamento e exposi\u00e7\u00e3o operacional.<\/p>\n\n\n\n<p>O problema \u00e9 que, muitas vezes, a solu\u00e7\u00e3o subdimensionada atende formalmente a uma descri\u00e7\u00e3o m\u00ednima, mas n\u00e3o atende adequadamente ao uso pretendido.<\/p>\n\n\n\n<h2 class=\"wp-block-heading\">O risco do superdimensionamento<\/h2>\n\n\n\n<p>O risco contr\u00e1rio tamb\u00e9m existe.<\/p>\n\n\n\n<p>Quando a especifica\u00e7\u00e3o n\u00e3o parte de uma an\u00e1lise correta da necessidade, o \u00f3rg\u00e3o pode acabar exigindo recursos acima do necess\u00e1rio.<\/p>\n\n\n\n<p>Isso pode elevar o custo da contrata\u00e7\u00e3o, reduzir a competitividade e consumir or\u00e7amento que poderia ser aplicado em outras prioridades.<\/p>\n\n\n\n<p>O superdimensionamento tamb\u00e9m pode gerar complexidade operacional desnecess\u00e1ria, especialmente quando a equipe interna n\u00e3o possui estrutura para administrar a solu\u00e7\u00e3o contratada.<\/p>\n\n\n\n<p>Por isso, a boa especifica\u00e7\u00e3o n\u00e3o \u00e9 aquela que simplesmente exige mais.<\/p>\n\n\n\n<p>\u00c9 aquela que exige o necess\u00e1rio, com clareza, coer\u00eancia e ader\u00eancia ao cen\u00e1rio do \u00f3rg\u00e3o.<\/p>\n\n\n\n<h2 class=\"wp-block-heading\">Compatibilidade com o ambiente existente<\/h2>\n\n\n\n<p>Toda contrata\u00e7\u00e3o de tecnologia precisa considerar o ambiente onde a solu\u00e7\u00e3o ser\u00e1 utilizada.<\/p>\n\n\n\n<p>Um equipamento ou sistema pode atender aos requisitos isolados do edital, mas n\u00e3o se integrar adequadamente ao ambiente existente.<\/p>\n\n\n\n<p>Isso pode ocorrer em diferentes frentes:<\/p>\n\n\n\n<ul class=\"wp-block-list\">\n<li>compatibilidade com sistemas utilizados pelo \u00f3rg\u00e3o;<\/li>\n\n\n\n<li>integra\u00e7\u00e3o com infraestrutura de rede;<\/li>\n\n\n\n<li>suporte ao ambiente de virtualiza\u00e7\u00e3o;<\/li>\n\n\n\n<li>compatibilidade com storage, backup ou seguran\u00e7a;<\/li>\n\n\n\n<li>integra\u00e7\u00e3o com autentica\u00e7\u00e3o institucional;<\/li>\n\n\n\n<li>ader\u00eancia a pol\u00edticas internas de TI;<\/li>\n\n\n\n<li>suporte a sistemas operacionais utilizados;<\/li>\n\n\n\n<li>padr\u00e3o de gerenciamento e monitoramento;<\/li>\n\n\n\n<li>capacidade de opera\u00e7\u00e3o pela equipe t\u00e9cnica.<\/li>\n<\/ul>\n\n\n\n<p>Quando esses pontos n\u00e3o s\u00e3o avaliados, o \u00f3rg\u00e3o pode contratar uma solu\u00e7\u00e3o tecnicamente v\u00e1lida em teoria, mas problem\u00e1tica na pr\u00e1tica.<\/p>\n\n\n\n<h2 class=\"wp-block-heading\">Garantia e suporte precisam estar claros<\/h2>\n\n\n\n<p>Em contrata\u00e7\u00f5es de tecnologia, garantia e suporte n\u00e3o devem ser tratados como itens secund\u00e1rios.<\/p>\n\n\n\n<p>Eles impactam diretamente a continuidade da opera\u00e7\u00e3o.<\/p>\n\n\n\n<p>Uma especifica\u00e7\u00e3o fr\u00e1gil pode deixar margem para garantias limitadas, atendimento inadequado, aus\u00eancia de suporte no local, prazos incompat\u00edveis com a criticidade do ambiente ou dificuldade de acionamento do fabricante.<\/p>\n\n\n\n<p>Em equipamentos corporativos e solu\u00e7\u00f5es de infraestrutura, esse ponto \u00e9 ainda mais sens\u00edvel.<\/p>\n\n\n\n<p>O \u00f3rg\u00e3o precisa saber como ser\u00e1 atendido em caso de falha, quais prazos se aplicam, qual cobertura est\u00e1 inclu\u00edda e se o suporte \u00e9 compat\u00edvel com a criticidade da solu\u00e7\u00e3o.<\/p>\n\n\n\n<p>Sem essa clareza, uma falha t\u00e9cnica pode se transformar em paralisa\u00e7\u00e3o, retrabalho e risco operacional.<\/p>\n\n\n\n<h2 class=\"wp-block-heading\">Seguran\u00e7a tamb\u00e9m come\u00e7a na especifica\u00e7\u00e3o<\/h2>\n\n\n\n<p>A seguran\u00e7a da contrata\u00e7\u00e3o n\u00e3o depende apenas do uso posterior da solu\u00e7\u00e3o.<\/p>\n\n\n\n<p>Ela come\u00e7a no planejamento.<\/p>\n\n\n\n<p>Quando a especifica\u00e7\u00e3o t\u00e9cnica n\u00e3o contempla requisitos m\u00ednimos de seguran\u00e7a, o \u00f3rg\u00e3o pode receber equipamentos ou solu\u00e7\u00f5es que n\u00e3o oferecem recursos adequados de prote\u00e7\u00e3o, gerenciamento, atualiza\u00e7\u00e3o, controle de acesso ou integridade.<\/p>\n\n\n\n<p>Isso vale para computadores, notebooks, servidores, solu\u00e7\u00f5es de rede, firewall, storage, backup e ambientes de data center.<\/p>\n\n\n\n<p>Em muitos casos, recursos de seguran\u00e7a corporativa precisam estar previstos desde o descritivo t\u00e9cnico, para evitar ofertas incompat\u00edveis com o n\u00edvel de prote\u00e7\u00e3o esperado.<\/p>\n\n\n\n<p>A aus\u00eancia desses requisitos pode expor o \u00f3rg\u00e3o a riscos que poderiam ser evitados na fase de planejamento.<\/p>\n\n\n\n<h2 class=\"wp-block-heading\">A import\u00e2ncia da comprova\u00e7\u00e3o t\u00e9cnica<\/h2>\n\n\n\n<p>Outro ponto cr\u00edtico \u00e9 a comprova\u00e7\u00e3o.<\/p>\n\n\n\n<p>N\u00e3o basta que a proposta declare atendimento ao edital. Em muitos casos, \u00e9 necess\u00e1rio que o fornecedor comprove tecnicamente as caracter\u00edsticas ofertadas.<\/p>\n\n\n\n<p>Essa comprova\u00e7\u00e3o pode ocorrer por meio de cat\u00e1logos, datasheets, documentos do fabricante, certifica\u00e7\u00f5es, declara\u00e7\u00f5es, p\u00e1ginas oficiais, manuais ou outros materiais t\u00e9cnicos adequados ao objeto.<\/p>\n\n\n\n<p>Quando o edital n\u00e3o define de forma clara como a comprova\u00e7\u00e3o ser\u00e1 feita, a an\u00e1lise pode se tornar subjetiva ou insuficiente.<\/p>\n\n\n\n<p>Isso cria dificuldade para a equipe t\u00e9cnica, para a comiss\u00e3o de contrata\u00e7\u00e3o e para a pr\u00f3pria Administra\u00e7\u00e3o P\u00fablica.<\/p>\n\n\n\n<p>Uma especifica\u00e7\u00e3o bem constru\u00edda facilita a verifica\u00e7\u00e3o.<\/p>\n\n\n\n<h2 class=\"wp-block-heading\">Termos amb\u00edguos aumentam risco de interpreta\u00e7\u00e3o<\/h2>\n\n\n\n<p>Termos vagos tamb\u00e9m s\u00e3o uma fonte comum de problema.<\/p>\n\n\n\n<p>Express\u00f5es como \u201csimilar\u201d, \u201cequivalente\u201d, \u201calta performance\u201d, \u201c\u00faltima gera\u00e7\u00e3o\u201d, \u201ccompat\u00edvel\u201d, \u201ccorporativo\u201d ou \u201crobusto\u201d podem gerar diferentes interpreta\u00e7\u00f5es se n\u00e3o forem acompanhadas de crit\u00e9rios objetivos.<\/p>\n\n\n\n<p>Em tecnologia, a objetividade \u00e9 essencial.<\/p>\n\n\n\n<p>O edital precisa permitir que o mercado compreenda o que est\u00e1 sendo exigido e que o \u00f3rg\u00e3o consiga verificar, de forma t\u00e9cnica, se a proposta atende ou n\u00e3o atende.<\/p>\n\n\n\n<p>Quanto maior a ambiguidade, maior o risco de disputa interpretativa, questionamentos, impugna\u00e7\u00f5es, recursos, retrabalho e contrata\u00e7\u00e3o desalinhada.<\/p>\n\n\n\n<h2 class=\"wp-block-heading\">O impacto na fase de entrega e aceite<\/h2>\n\n\n\n<p>Muitos problemas de especifica\u00e7\u00e3o s\u00f3 aparecem depois da contrata\u00e7\u00e3o.<\/p>\n\n\n\n<p>\u00c9 na entrega que o \u00f3rg\u00e3o percebe que o equipamento n\u00e3o possui determinada funcionalidade, que a garantia n\u00e3o \u00e9 a esperada, que a solu\u00e7\u00e3o n\u00e3o integra ao ambiente, que o desempenho \u00e9 insuficiente ou que a opera\u00e7\u00e3o ser\u00e1 mais complexa do que parecia.<\/p>\n\n\n\n<p>Nessa fase, o retrabalho costuma ser maior.<\/p>\n\n\n\n<p>A equipe precisa revisar documentos, confrontar proposta e edital, acionar fornecedor, discutir aceite, avaliar substitui\u00e7\u00f5es ou at\u00e9 lidar com atrasos na implanta\u00e7\u00e3o.<\/p>\n\n\n\n<p>Uma especifica\u00e7\u00e3o fr\u00e1gil pode transformar uma contrata\u00e7\u00e3o aparentemente simples em um processo demorado e desgastante.<\/p>\n\n\n\n<h2 class=\"wp-block-heading\">A especifica\u00e7\u00e3o precisa nascer da necessidade real<\/h2>\n\n\n\n<p>O caminho mais seguro \u00e9 come\u00e7ar pela necessidade.<\/p>\n\n\n\n<p>Antes de definir caracter\u00edsticas t\u00e9cnicas, o \u00f3rg\u00e3o precisa entender:<\/p>\n\n\n\n<ul class=\"wp-block-list\">\n<li>qual problema precisa resolver;<\/li>\n\n\n\n<li>quem utilizar\u00e1 a solu\u00e7\u00e3o;<\/li>\n\n\n\n<li>quais sistemas ser\u00e3o impactados;<\/li>\n\n\n\n<li>qual \u00e9 a criticidade da opera\u00e7\u00e3o;<\/li>\n\n\n\n<li>qual ambiente j\u00e1 existe;<\/li>\n\n\n\n<li>quais limita\u00e7\u00f5es precisam ser superadas;<\/li>\n\n\n\n<li>qual capacidade ser\u00e1 necess\u00e1ria;<\/li>\n\n\n\n<li>qual crescimento \u00e9 esperado;<\/li>\n\n\n\n<li>quais riscos precisam ser reduzidos;<\/li>\n\n\n\n<li>como ser\u00e1 feita a implanta\u00e7\u00e3o;<\/li>\n\n\n\n<li>quem ir\u00e1 administrar a solu\u00e7\u00e3o;<\/li>\n\n\n\n<li>qual suporte ser\u00e1 necess\u00e1rio.<\/li>\n<\/ul>\n\n\n\n<p>A partir dessa an\u00e1lise, a especifica\u00e7\u00e3o passa a ter mais coer\u00eancia.<\/p>\n\n\n\n<p>Ela deixa de ser uma lista gen\u00e9rica de caracter\u00edsticas e passa a representar uma necessidade concreta da Administra\u00e7\u00e3o P\u00fablica.<\/p>\n\n\n\n<h2 class=\"wp-block-heading\">O papel da LFC Governo nessa etapa<\/h2>\n\n\n\n<p>A LFC Governo apoia \u00f3rg\u00e3os p\u00fablicos na an\u00e1lise de demandas de tecnologia antes da contrata\u00e7\u00e3o.<\/p>\n\n\n\n<p>Esse apoio pode envolver a compreens\u00e3o da necessidade, a avalia\u00e7\u00e3o do ambiente, a an\u00e1lise de riscos, a discuss\u00e3o de requisitos t\u00e9cnicos, o apoio ao dimensionamento e a identifica\u00e7\u00e3o de pontos de aten\u00e7\u00e3o no descritivo.<\/p>\n\n\n\n<p>A atua\u00e7\u00e3o da LFC \u00e9 consultiva e t\u00e9cnica, com foco em ajudar o \u00f3rg\u00e3o a estruturar melhor sua demanda e reduzir riscos antes de avan\u00e7ar.<\/p>\n\n\n\n<p>Em Solu\u00e7\u00f5es de TI, essa an\u00e1lise pode envolver infraestrutura, servidores, storage, backup, redes, seguran\u00e7a, virtualiza\u00e7\u00e3o, data center, cloud e moderniza\u00e7\u00e3o tecnol\u00f3gica.<\/p>\n\n\n\n<p>Em Atas de Registro de Pre\u00e7os, pode envolver a avalia\u00e7\u00e3o de ader\u00eancia entre o item dispon\u00edvel e a necessidade real do \u00f3rg\u00e3o.<\/p>\n\n\n\n<p>Em Pesquisa, HPC e IA, pode envolver a tradu\u00e7\u00e3o do problema cient\u00edfico em arquitetura tecnol\u00f3gica, considerando GPU, dados, storage, rede, compute, clusters e sustenta\u00e7\u00e3o.<\/p>\n\n\n\n<p>A atua\u00e7\u00e3o da LFC n\u00e3o substitui as responsabilidades da Administra\u00e7\u00e3o P\u00fablica na condu\u00e7\u00e3o formal do processo. A decis\u00e3o, a instru\u00e7\u00e3o processual e os atos administrativos permanecem sob responsabilidade do \u00f3rg\u00e3o.<\/p>\n\n\n\n<p>O papel da LFC \u00e9 apoiar tecnicamente a avalia\u00e7\u00e3o, contribuindo para mais clareza, ader\u00eancia e seguran\u00e7a no planejamento da contrata\u00e7\u00e3o.<\/p>\n\n\n\n<h2 class=\"wp-block-heading\">Especificar melhor \u00e9 contratar com menos risco<\/h2>\n\n\n\n<p>Uma boa especifica\u00e7\u00e3o n\u00e3o serve para restringir indevidamente o mercado.<\/p>\n\n\n\n<p>Ela serve para proteger a necessidade p\u00fablica.<\/p>\n\n\n\n<p>Quando o descritivo \u00e9 claro, coerente e tecnicamente fundamentado, o \u00f3rg\u00e3o reduz o risco de receber solu\u00e7\u00f5es inadequadas, melhora a compara\u00e7\u00e3o entre propostas e aumenta a seguran\u00e7a na fase de an\u00e1lise, entrega e aceite.<\/p>\n\n\n\n<p>Especificar melhor significa contratar com mais previsibilidade.<\/p>\n\n\n\n<p>Significa reduzir margem para interpreta\u00e7\u00f5es fr\u00e1geis, evitar retrabalho e aumentar a chance de que a solu\u00e7\u00e3o entregue realmente funcione no ambiente do \u00f3rg\u00e3o.<\/p>\n\n\n\n<h2 class=\"wp-block-heading\">Antes do edital, vem a an\u00e1lise<\/h2>\n\n\n\n<p>Contrata\u00e7\u00f5es p\u00fablicas de tecnologia precisam come\u00e7ar com diagn\u00f3stico, n\u00e3o apenas com descri\u00e7\u00e3o de produto.<\/p>\n\n\n\n<p>Antes de publicar um edital, aderir a uma ata ou avan\u00e7ar em uma contrata\u00e7\u00e3o, \u00e9 necess\u00e1rio avaliar se a especifica\u00e7\u00e3o est\u00e1 alinhada \u00e0 necessidade real, ao ambiente existente, \u00e0 criticidade da opera\u00e7\u00e3o e aos riscos envolvidos.<\/p>\n\n\n\n<p>Uma especifica\u00e7\u00e3o fr\u00e1gil pode comprometer todo o processo.<\/p>\n\n\n\n<p>Uma especifica\u00e7\u00e3o bem constru\u00edda ajuda o \u00f3rg\u00e3o a contratar com mais seguran\u00e7a, clareza e ader\u00eancia t\u00e9cnica.<\/p>\n\n\n\n<p>A LFC Governo apoia essa etapa, ajudando institui\u00e7\u00f5es p\u00fablicas a transformar demandas de tecnologia em especifica\u00e7\u00f5es mais consistentes, compat\u00edveis com o cen\u00e1rio do \u00f3rg\u00e3o e preparadas para uma contrata\u00e7\u00e3o mais segura.<\/p>\n\n\n\n<h3 class=\"wp-block-heading\">Fale com a LFC Governo<\/h3>\n\n\n\n<p>Sua institui\u00e7\u00e3o est\u00e1 estruturando uma contrata\u00e7\u00e3o de tecnologia e precisa avaliar se o descritivo t\u00e9cnico est\u00e1 aderente \u00e0 necessidade real?<\/p>\n\n\n\n<p>Conhe\u00e7a nossa frente de Solu\u00e7\u00f5es de TI para \u00f3rg\u00e3os p\u00fablicos:<br><a href=\"https:\/\/www.lfcgoverno.com.br\/solucoes-ti\">https:\/\/www.lfcgoverno.com.br\/solucoes-ti<\/a><\/p>\n\n\n\n<p>Conhe\u00e7a tamb\u00e9m nossas Atas de Registro de Pre\u00e7os:<br><a href=\"https:\/\/www.lfcgoverno.com.br\/atas\">https:\/\/www.lfcgoverno.com.br\/atas<\/a><\/p>\n\n\n\n<p>Para apresentar uma demanda e conversar com um especialista:<br><a href=\"https:\/\/www.lfcgoverno.com.br\/contato\">https:\/\/www.lfcgoverno.com.br\/contato<\/a><\/p>\n","protected":false},"excerpt":{"rendered":"<p>Contratar tecnologia no setor p\u00fablico exige mais do que descrever um produto ou listar caracter\u00edsticas b\u00e1sicas. Quando uma especifica\u00e7\u00e3o t\u00e9cnica \u00e9 constru\u00edda de forma gen\u00e9rica, incompleta ou desalinhada com a necessidade real do \u00f3rg\u00e3o, o risco da contrata\u00e7\u00e3o aumenta. Esse risco pode aparecer em diferentes etapas: durante a pesquisa de mercado, na elabora\u00e7\u00e3o do termo [&hellip;]<\/p>\n","protected":false},"author":1,"featured_media":2727,"comment_status":"closed","ping_status":"closed","sticky":false,"template":"","format":"standard","meta":{"footnotes":""},"categories":[258],"tags":[],"class_list":{"0":"post-2726","1":"post","2":"type-post","3":"status-publish","4":"format-standard","5":"has-post-thumbnail","7":"category-lfc-governo"},"_links":{"self":[{"href":"https:\/\/lfcgoverno.com.br\/blog\/wp-json\/wp\/v2\/posts\/2726","targetHints":{"allow":["GET"]}}],"collection":[{"href":"https:\/\/lfcgoverno.com.br\/blog\/wp-json\/wp\/v2\/posts"}],"about":[{"href":"https:\/\/lfcgoverno.com.br\/blog\/wp-json\/wp\/v2\/types\/post"}],"author":[{"embeddable":true,"href":"https:\/\/lfcgoverno.com.br\/blog\/wp-json\/wp\/v2\/users\/1"}],"replies":[{"embeddable":true,"href":"https:\/\/lfcgoverno.com.br\/blog\/wp-json\/wp\/v2\/comments?post=2726"}],"version-history":[{"count":1,"href":"https:\/\/lfcgoverno.com.br\/blog\/wp-json\/wp\/v2\/posts\/2726\/revisions"}],"predecessor-version":[{"id":2728,"href":"https:\/\/lfcgoverno.com.br\/blog\/wp-json\/wp\/v2\/posts\/2726\/revisions\/2728"}],"wp:featuredmedia":[{"embeddable":true,"href":"https:\/\/lfcgoverno.com.br\/blog\/wp-json\/wp\/v2\/media\/2727"}],"wp:attachment":[{"href":"https:\/\/lfcgoverno.com.br\/blog\/wp-json\/wp\/v2\/media?parent=2726"}],"wp:term":[{"taxonomy":"category","embeddable":true,"href":"https:\/\/lfcgoverno.com.br\/blog\/wp-json\/wp\/v2\/categories?post=2726"},{"taxonomy":"post_tag","embeddable":true,"href":"https:\/\/lfcgoverno.com.br\/blog\/wp-json\/wp\/v2\/tags?post=2726"}],"curies":[{"name":"wp","href":"https:\/\/api.w.org\/{rel}","templated":true}]}}